{"id":2966,"date":"2024-10-29T11:13:55","date_gmt":"2024-10-29T11:13:55","guid":{"rendered":"https:\/\/www.feelporto.com\/blog\/?p=2966"},"modified":"2024-10-30T08:56:25","modified_gmt":"2024-10-30T08:56:25","slug":"por-tras-do-sucesso-a-vida-e-carreira-de-mario-pinheiro","status":"publish","type":"post","link":"https:\/\/www.feelporto.com\/blog\/experiencias\/por-tras-do-sucesso-a-vida-e-carreira-de-mario-pinheiro\/","title":{"rendered":"Meet our Team: A Carreira de M\u00e1rio Pinheiro, Diretor de Opera\u00e7\u00f5es da Feel Porto"},"content":{"rendered":"\n<p>A Feel Porto transforma as suas estadias em experi\u00eancias \u00fanicas. Para tal ser poss\u00edvel, existe uma verdadeira <em>dream team<\/em> que se empenha todos os dias para fazer chegar o melhor servi\u00e7o e experi\u00eancia aos seus h\u00f3spedes. <\/p>\n\n\n\n<p>Decidimos dar a conhecer \u00e0 nossa comunidade quem est\u00e1 por tr\u00e1s desta &#8220;magia&#8221;, por isso, lan\u00e7amos a s\u00e9rie <em>Meet our Team<\/em>.<\/p>\n\n\n\n<p>Na nossa primeira entrevista estivemos acompanhados pelo M\u00e1rio Pinheiro, um profissional e pessoal excecional. <\/p>\n\n\n\n<p>Conhe\u00e7a o percurso profissional do M\u00e1rio e o seu papel na Feel Porto!<\/p>\n\n\n<div class=\"wp-block-image is-style-default\">\n<figure class=\"aligncenter size-full\"><img loading=\"lazy\" width=\"1260\" height=\"489\" src=\"https:\/\/www.feelporto.com\/blog\/wp-content\/uploads\/2024\/10\/Meet-our-team-1-1.png\" alt=\"\" class=\"wp-image-3009\" srcset=\"https:\/\/www.feelporto.com\/blog\/wp-content\/uploads\/2024\/10\/Meet-our-team-1-1.png 1260w, https:\/\/www.feelporto.com\/blog\/wp-content\/uploads\/2024\/10\/Meet-our-team-1-1-768x298.png 768w\" sizes=\"(max-width: 1260px) 100vw, 1260px\" \/><\/figure><\/div>\n\n\n<ul><li><strong>Qual \u00e9 o seu cargo atual?<\/strong><\/li><\/ul>\n\n\n\n<p>Atualmente eu sou o Diretor de Opera\u00e7\u00f5es da Feel Porto.<\/p>\n\n\n\n<ul><li><strong>Onde nasceu?<\/strong><\/li><\/ul>\n\n\n\n<p>Eu nasci no Porto, na magn\u00edfica cidade Invicta.<\/p>\n\n\n\n<ul><li><strong>Qual \u00e9 a sua forma\u00e7\u00e3o?<\/strong><\/li><\/ul>\n\n\n\n<p>Eu sou licenciado em Gest\u00e3o e Administra\u00e7\u00e3o Hoteleira.<\/p>\n\n\n\n<ul><li><strong>Quais foram as empresas em que j\u00e1 trabalhou?<\/strong><\/li><\/ul>\n\n\n\n<p>Ao longo da minha vida fiz o que podia para criar uma carreira s\u00f3lida e diversificada em algumas das mais prestigiadas cadeias hoteleiras. Entre elas Ritz-Carlton, Hyatt, Yeatman, Sheraton, Palazzo Versace e Monument Hotel Barcelona.<\/p>\n\n\n\n<ul><li><strong>Qual foi a \u00faltima fun\u00e7\u00e3o antes de come\u00e7ar a trabalhar na Feel Porto?<\/strong><\/li><\/ul>\n\n\n\n<p>Antes de entrar para a Feel Porto, eu trabalhava no Hotel SOFIA Barcelona by Hyatt como Front Office Manager.<\/p>\n\n\n\n<ul><li><strong>Qual \u00e9 o foco da sua fun\u00e7\u00e3o profissional?<\/strong><\/li><\/ul>\n\n\n\n<p>Nesta nova etapa na Feel Porto, o meu principal foco \u00e9 garantir que toda a opera\u00e7\u00e3o \u00e9 eficiente e oferecer uma experi\u00eancia excecional aos h\u00f3spedes, equilibrando a excel\u00eancia no servi\u00e7o com a satisfa\u00e7\u00e3o geral da equipa. <\/p>\n\n\n\n<p>Atualmente, estou focado tamb\u00e9m no lan\u00e7amento com sucesso de novos projectos para a empresa.<\/p>\n\n\n\n<ul><li><strong>Qual foi o maior desafio na sua fun\u00e7\u00e3o atual at\u00e9 ao momento?<\/strong><\/li><\/ul>\n\n\n\n<p>O maior desafio que enfrento at\u00e9 agora nas minhas fun\u00e7\u00f5es \u00e9 manter a efici\u00eancia operacional em v\u00e1rios clusters, assegurando uma qualidade consistente em todos eles, enquanto giro diferentes equipas.<\/p>\n\n\n\n<ul><li><strong>De que forma procura inovar no seu trabalho? \/ Que inova\u00e7\u00f5es j\u00e1 implementou?<\/strong><\/li><\/ul>\n\n\n\n<p>A inova\u00e7\u00e3o que predomina no meu trabalho \u00e9 a combina\u00e7\u00e3o da tecnologia com um servi\u00e7o cada vez mais personalizado. Acredito que a personaliza\u00e7\u00e3o \u00e9 uma \u00e1rea fundamental, e por isso, invisto em ferramentas que facilitam a experi\u00eancia global do h\u00f3spede, mesmo antes da sua chegada.<\/p>\n\n\n\n<ul><li><strong>Insights sobre o futuro do setor da hospitalidade<\/strong><\/li><\/ul>\n\n\n\n<p>Quanto ao futuro do setor hoteleiro, prevejo que ser\u00e1 cada vez mais moldado pela tecnologia, com a automa\u00e7\u00e3o e a intelig\u00eancia artificial a transformarem a forma como personalizamos e tornamos os servi\u00e7os mais eficientes. A sustentabilidade ser\u00e1 tamb\u00e9m um fator decisivo, com os turistas a procurarem alojamentos que adotem pr\u00e1ticas ambientais respons\u00e1veis. <\/p>\n\n\n\n<p>Al\u00e9m disso, a procura de experi\u00eancias genu\u00ednas e imersivas continuar\u00e1 a crescer, exigindo que as empresas ofere\u00e7am uma liga\u00e7\u00e3o mais profunda \u00e0s culturas e comunidades locais. Estou atualmente envolvido num projeto que incide exatamente sobre este aspeto.<\/p>\n\n\n\n<ul><li><strong>Como \u00e9 trabalhar no Feel Group?<\/strong><\/li><\/ul>\n\n\n\n<p>Trabalhar no Feel Group \u00e9 uma experi\u00eancia muito din\u00e2mica e desafiante, onde todos os dias surgem novas oportunidades para inovar e participar em novos projectos. <\/p>\n\n\n\n<p>Destaco o ambiente colaborativo e amig\u00e1vel, onde o esp\u00edrito de equipa est\u00e1 sempre presente.<\/p>\n\n\n\n<hr class=\"wp-block-separator has-alpha-channel-opacity\"\/>\n","protected":false},"excerpt":{"rendered":"<p>A Feel Porto transforma as suas estadias em experi\u00eancias \u00fanicas. Para tal ser poss\u00edvel, existe uma verdadeira dream team que&#8230;<\/p>\n","protected":false},"author":2,"featured_media":2667,"comment_status":"closed","ping_status":"closed","sticky":false,"template":"","format":"standard","meta":[],"categories":[100,27,136,8],"tags":[74,12],"yoast_head":"<!-- This site is optimized with the Yoast SEO plugin v19.1 - https:\/\/yoast.com\/wordpress\/plugins\/seo\/ -->\n<title>Meet our Team: A Carreira de M\u00e1rio Pinheiro<\/title>\n<meta name=\"description\" content=\"Neste artigo apresentamos uma das pessoas mais importante da Feel Porto, o M\u00e1rio Pinheiro.\" \/>\n<meta name=\"robots\" content=\"index, follow, max-snippet:-1, max-image-preview:large, max-video-preview:-1\" \/>\n<link rel=\"canonical\" href=\"https:\/\/www.feelporto.com\/blog\/experiencias\/por-tras-do-sucesso-a-vida-e-carreira-de-mario-pinheiro\/\" \/>\n<meta property=\"og:locale\" content=\"en_GB\" \/>\n<meta property=\"og:type\" content=\"article\" \/>\n<meta property=\"og:title\" content=\"Meet our Team: A Carreira de M\u00e1rio Pinheiro\" \/>\n<meta property=\"og:description\" content=\"Neste artigo apresentamos uma das pessoas mais importante da Feel Porto, o M\u00e1rio Pinheiro.\" \/>\n<meta property=\"og:url\" content=\"https:\/\/www.feelporto.com\/blog\/experiencias\/por-tras-do-sucesso-a-vida-e-carreira-de-mario-pinheiro\/\" \/>\n<meta property=\"og:site_name\" content=\"Where to Stay, What to Do and Eat @ Porto\" \/>\n<meta property=\"article:publisher\" content=\"https:\/\/www.facebook.com\/feelporto\" \/>\n<meta property=\"article:published_time\" content=\"2024-10-29T11:13:55+00:00\" \/>\n<meta property=\"article:modified_time\" content=\"2024-10-30T08:56:25+00:00\" \/>\n<meta property=\"og:image\" content=\"https:\/\/www.feelporto.com\/blog\/wp-content\/uploads\/2023\/10\/56.png\" \/>\n\t<meta property=\"og:image:width\" content=\"1080\" \/>\n\t<meta property=\"og:image:height\" content=\"1350\" \/>\n\t<meta property=\"og:image:type\" content=\"image\/png\" \/>\n<meta name=\"twitter:card\" content=\"summary_large_image\" \/>\n<meta name=\"twitter:creator\" content=\"@FeelPorto\" \/>\n<meta name=\"twitter:site\" content=\"@FeelPorto\" \/>\n<meta name=\"twitter:label1\" content=\"Written by\" \/>\n\t<meta name=\"twitter:data1\" content=\"feelporto\" \/>\n\t<meta name=\"twitter:label2\" content=\"Estimated reading time\" \/>\n\t<meta name=\"twitter:data2\" content=\"3 minutes\" \/>\n<script type=\"application\/ld+json\" class=\"yoast-schema-graph\">{\"@context\":\"https:\/\/schema.org\",\"@graph\":[{\"@type\":\"WebSite\",\"@id\":\"https:\/\/www.feelporto.com\/blog\/#website\",\"url\":\"https:\/\/www.feelporto.com\/blog\/\",\"name\":\"Where to Stay, What to Do and Eat @ Porto\",\"description\":\"FEEL PORTO \u00ae\",\"potentialAction\":[{\"@type\":\"SearchAction\",\"target\":{\"@type\":\"EntryPoint\",\"urlTemplate\":\"https:\/\/www.feelporto.com\/blog\/?s={search_term_string}\"},\"query-input\":\"required name=search_term_string\"}],\"inLanguage\":\"en-GB\"},{\"@type\":\"ImageObject\",\"inLanguage\":\"en-GB\",\"@id\":\"https:\/\/www.feelporto.com\/blog\/experiencias\/por-tras-do-sucesso-a-vida-e-carreira-de-mario-pinheiro\/#primaryimage\",\"url\":\"https:\/\/www.feelporto.com\/blog\/wp-content\/uploads\/2023\/10\/56.png\",\"contentUrl\":\"https:\/\/www.feelporto.com\/blog\/wp-content\/uploads\/2023\/10\/56.png\",\"width\":1080,\"height\":1350},{\"@type\":\"WebPage\",\"@id\":\"https:\/\/www.feelporto.com\/blog\/experiencias\/por-tras-do-sucesso-a-vida-e-carreira-de-mario-pinheiro\/#webpage\",\"url\":\"https:\/\/www.feelporto.com\/blog\/experiencias\/por-tras-do-sucesso-a-vida-e-carreira-de-mario-pinheiro\/\",\"name\":\"Meet our Team: A Carreira de M\u00e1rio Pinheiro\",\"isPartOf\":{\"@id\":\"https:\/\/www.feelporto.com\/blog\/#website\"},\"primaryImageOfPage\":{\"@id\":\"https:\/\/www.feelporto.com\/blog\/experiencias\/por-tras-do-sucesso-a-vida-e-carreira-de-mario-pinheiro\/#primaryimage\"},\"datePublished\":\"2024-10-29T11:13:55+00:00\",\"dateModified\":\"2024-10-30T08:56:25+00:00\",\"author\":{\"@id\":\"https:\/\/www.feelporto.com\/blog\/#\/schema\/person\/3eaff76d2a7429b3c6af35a3b392629e\"},\"description\":\"Neste artigo apresentamos uma das pessoas mais importante da Feel Porto, o M\u00e1rio Pinheiro.\",\"breadcrumb\":{\"@id\":\"https:\/\/www.feelporto.com\/blog\/experiencias\/por-tras-do-sucesso-a-vida-e-carreira-de-mario-pinheiro\/#breadcrumb\"},\"inLanguage\":\"en-GB\",\"potentialAction\":[{\"@type\":\"ReadAction\",\"target\":[\"https:\/\/www.feelporto.com\/blog\/experiencias\/por-tras-do-sucesso-a-vida-e-carreira-de-mario-pinheiro\/\"]}]},{\"@type\":\"BreadcrumbList\",\"@id\":\"https:\/\/www.feelporto.com\/blog\/experiencias\/por-tras-do-sucesso-a-vida-e-carreira-de-mario-pinheiro\/#breadcrumb\",\"itemListElement\":[{\"@type\":\"ListItem\",\"position\":1,\"name\":\"Home\",\"item\":\"https:\/\/www.feelporto.com\/blog\/\"},{\"@type\":\"ListItem\",\"position\":2,\"name\":\"Meet our Team: A Carreira de M\u00e1rio Pinheiro, Diretor de Opera\u00e7\u00f5es da Feel Porto\"}]},{\"@type\":\"Person\",\"@id\":\"https:\/\/www.feelporto.com\/blog\/#\/schema\/person\/3eaff76d2a7429b3c6af35a3b392629e\",\"name\":\"feelporto\",\"image\":{\"@type\":\"ImageObject\",\"inLanguage\":\"en-GB\",\"@id\":\"https:\/\/www.feelporto.com\/blog\/#\/schema\/person\/image\/\",\"url\":\"https:\/\/secure.gravatar.com\/avatar\/a062aafcc6c2947ee8990c2cf973be07?s=96&d=mm&r=g\",\"contentUrl\":\"https:\/\/secure.gravatar.com\/avatar\/a062aafcc6c2947ee8990c2cf973be07?s=96&d=mm&r=g\",\"caption\":\"feelporto\"},\"url\":\"https:\/\/www.feelporto.com\/blog\/author\/feelporto\/\"}]}<\/script>\n<!-- \/ Yoast SEO plugin. -->","yoast_head_json":{"title":"Meet our Team: A Carreira de M\u00e1rio Pinheiro","description":"Neste artigo apresentamos uma das pessoas mais importante da Feel Porto, o M\u00e1rio Pinheiro.","robots":{"index":"index","follow":"follow","max-snippet":"max-snippet:-1","max-image-preview":"max-image-preview:large","max-video-preview":"max-video-preview:-1"},"canonical":"https:\/\/www.feelporto.com\/blog\/experiencias\/por-tras-do-sucesso-a-vida-e-carreira-de-mario-pinheiro\/","og_locale":"en_GB","og_type":"article","og_title":"Meet our Team: A Carreira de M\u00e1rio Pinheiro","og_description":"Neste artigo apresentamos uma das pessoas mais importante da Feel Porto, o M\u00e1rio Pinheiro.","og_url":"https:\/\/www.feelporto.com\/blog\/experiencias\/por-tras-do-sucesso-a-vida-e-carreira-de-mario-pinheiro\/","og_site_name":"Where to Stay, What to Do and Eat @ Porto","article_publisher":"https:\/\/www.facebook.com\/feelporto","article_published_time":"2024-10-29T11:13:55+00:00","article_modified_time":"2024-10-30T08:56:25+00:00","og_image":[{"width":1080,"height":1350,"url":"https:\/\/www.feelporto.com\/blog\/wp-content\/uploads\/2023\/10\/56.png","type":"image\/png"}],"twitter_card":"summary_large_image","twitter_creator":"@FeelPorto","twitter_site":"@FeelPorto","twitter_misc":{"Written by":"feelporto","Estimated reading time":"3 minutes"},"schema":{"@context":"https:\/\/schema.org","@graph":[{"@type":"WebSite","@id":"https:\/\/www.feelporto.com\/blog\/#website","url":"https:\/\/www.feelporto.com\/blog\/","name":"Where to Stay, What to Do and Eat @ Porto","description":"FEEL PORTO \u00ae","potentialAction":[{"@type":"SearchAction","target":{"@type":"EntryPoint","urlTemplate":"https:\/\/www.feelporto.com\/blog\/?s={search_term_string}"},"query-input":"required name=search_term_string"}],"inLanguage":"en-GB"},{"@type":"ImageObject","inLanguage":"en-GB","@id":"https:\/\/www.feelporto.com\/blog\/experiencias\/por-tras-do-sucesso-a-vida-e-carreira-de-mario-pinheiro\/#primaryimage","url":"https:\/\/www.feelporto.com\/blog\/wp-content\/uploads\/2023\/10\/56.png","contentUrl":"https:\/\/www.feelporto.com\/blog\/wp-content\/uploads\/2023\/10\/56.png","width":1080,"height":1350},{"@type":"WebPage","@id":"https:\/\/www.feelporto.com\/blog\/experiencias\/por-tras-do-sucesso-a-vida-e-carreira-de-mario-pinheiro\/#webpage","url":"https:\/\/www.feelporto.com\/blog\/experiencias\/por-tras-do-sucesso-a-vida-e-carreira-de-mario-pinheiro\/","name":"Meet our Team: A Carreira de M\u00e1rio Pinheiro","isPartOf":{"@id":"https:\/\/www.feelporto.com\/blog\/#website"},"primaryImageOfPage":{"@id":"https:\/\/www.feelporto.com\/blog\/experiencias\/por-tras-do-sucesso-a-vida-e-carreira-de-mario-pinheiro\/#primaryimage"},"datePublished":"2024-10-29T11:13:55+00:00","dateModified":"2024-10-30T08:56:25+00:00","author":{"@id":"https:\/\/www.feelporto.com\/blog\/#\/schema\/person\/3eaff76d2a7429b3c6af35a3b392629e"},"description":"Neste artigo apresentamos uma das pessoas mais importante da Feel Porto, o M\u00e1rio Pinheiro.","breadcrumb":{"@id":"https:\/\/www.feelporto.com\/blog\/experiencias\/por-tras-do-sucesso-a-vida-e-carreira-de-mario-pinheiro\/#breadcrumb"},"inLanguage":"en-GB","potentialAction":[{"@type":"ReadAction","target":["https:\/\/www.feelporto.com\/blog\/experiencias\/por-tras-do-sucesso-a-vida-e-carreira-de-mario-pinheiro\/"]}]},{"@type":"BreadcrumbList","@id":"https:\/\/www.feelporto.com\/blog\/experiencias\/por-tras-do-sucesso-a-vida-e-carreira-de-mario-pinheiro\/#breadcrumb","itemListElement":[{"@type":"ListItem","position":1,"name":"Home","item":"https:\/\/www.feelporto.com\/blog\/"},{"@type":"ListItem","position":2,"name":"Meet our Team: A Carreira de M\u00e1rio Pinheiro, Diretor de Opera\u00e7\u00f5es da Feel Porto"}]},{"@type":"Person","@id":"https:\/\/www.feelporto.com\/blog\/#\/schema\/person\/3eaff76d2a7429b3c6af35a3b392629e","name":"feelporto","image":{"@type":"ImageObject","inLanguage":"en-GB","@id":"https:\/\/www.feelporto.com\/blog\/#\/schema\/person\/image\/","url":"https:\/\/secure.gravatar.com\/avatar\/a062aafcc6c2947ee8990c2cf973be07?s=96&d=mm&r=g","contentUrl":"https:\/\/secure.gravatar.com\/avatar\/a062aafcc6c2947ee8990c2cf973be07?s=96&d=mm&r=g","caption":"feelporto"},"url":"https:\/\/www.feelporto.com\/blog\/author\/feelporto\/"}]}},"amp_enabled":true,"_links":{"self":[{"href":"https:\/\/www.feelporto.com\/blog\/wp-json\/wp\/v2\/posts\/2966"}],"collection":[{"href":"https:\/\/www.feelporto.com\/blog\/wp-json\/wp\/v2\/posts"}],"about":[{"href":"https:\/\/www.feelporto.com\/blog\/wp-json\/wp\/v2\/types\/post"}],"author":[{"embeddable":true,"href":"https:\/\/www.feelporto.com\/blog\/wp-json\/wp\/v2\/users\/2"}],"replies":[{"embeddable":true,"href":"https:\/\/www.feelporto.com\/blog\/wp-json\/wp\/v2\/comments?post=2966"}],"version-history":[{"count":8,"href":"https:\/\/www.feelporto.com\/blog\/wp-json\/wp\/v2\/posts\/2966\/revisions"}],"predecessor-version":[{"id":3023,"href":"https:\/\/www.feelporto.com\/blog\/wp-json\/wp\/v2\/posts\/2966\/revisions\/3023"}],"wp:featuredmedia":[{"embeddable":true,"href":"https:\/\/www.feelporto.com\/blog\/wp-json\/wp\/v2\/media\/2667"}],"wp:attachment":[{"href":"https:\/\/www.feelporto.com\/blog\/wp-json\/wp\/v2\/media?parent=2966"}],"wp:term":[{"taxonomy":"category","embeddable":true,"href":"https:\/\/www.feelporto.com\/blog\/wp-json\/wp\/v2\/categories?post=2966"},{"taxonomy":"post_tag","embeddable":true,"href":"https:\/\/www.feelporto.com\/blog\/wp-json\/wp\/v2\/tags?post=2966"}],"curies":[{"name":"wp","href":"https:\/\/api.w.org\/{rel}","templated":true}]}}