{"id":2474,"date":"2023-06-09T14:49:15","date_gmt":"2023-06-09T13:49:15","guid":{"rendered":"https:\/\/www.feelporto.com\/blog\/?p=2474"},"modified":"2026-03-30T14:10:38","modified_gmt":"2026-03-30T13:10:38","slug":"celebrez-la-sao-joao-a-porto","status":"publish","type":"post","link":"https:\/\/www.feelporto.com\/blog\/fr\/experiences\/celebrez-la-sao-joao-a-porto\/","title":{"rendered":"C\u00e9l\u00e9brez la S\u00e3o Jo\u00e3o \u00e0 Porto"},"content":{"rendered":"\n<p>&nbsp;Voulez-vous manquer la chance de vivre toute l&#8217;excitation de S\u00e3o Jo\u00e3o dans la belle ville invaincue ?<\/p>\n\n\n\n<p>Pr\u00e9parez-vous \u00e0 participer \u00e0 une f\u00eate vraiment sp\u00e9ciale qui laissera certainement une trace dans votre m\u00e9moire. Dans les rues et les quartiers les plus embl\u00e9matiques de la ville, les traditions s&#8217;entrem\u00ealent, r\u00e9v\u00e9lant le meilleur de Porto et la riche culture portugaise.<\/p>\n\n\n\n<p>Feel Porto a pens\u00e9 \u00e0 vous et a cr\u00e9\u00e9 un ensemble d&#8217;exp\u00e9riences parfaites pour c\u00e9l\u00e9brer S\u00e3o Jo\u00e3o. Si vous \u00eates un amoureux de la culture et de la tradition ou si vous aimez sortir des sentiers battus, ne vous inqui\u00e9tez pas, il y a des exp\u00e9riences pour tous les go\u00fbts.<\/p>\n\n\n\n<p>Voici nos exp\u00e9riences fantastiques \u00e0 ne pas manquer :<br><br><\/p>\n\n\n\n<h2>1. <a href=\"https:\/\/www.feelporto.com\/fr\/experiences\/\">N<\/a><a href=\"https:\/\/www.sailing-360.com\/pt\/sao-joao-fr\/\">uit de S\u00e3o Jo\u00e3o lors d&#8217;une promenade en bateau sur le fleuve Douro<\/a><\/h2>\n\n\n\n<p>Profitez d&#8217;une promenade en bateau sur le Douro, pleine d&#8217;\u00e9motions, et faites une halte inoubliable pour contempler un feu d&#8217;artifice exorbitant. Pr\u00e9parez-vous \u00e0 commencer votre r\u00e9veillon de la S\u00e3o Jo\u00e3o par un d\u00eener spectaculaire sur le fleuve Douro, tout en profitant d&#8217;un coucher de soleil \u00e9poustouflant \u00e0 l&#8217;horizon, en contemplant la ville d&#8217;Invicta dans toute sa splendeur. Et comme si cela ne suffisait pas, nous proposerons une activit\u00e9 sp\u00e9ciale et caract\u00e9ristique pour le groupe, qui vous plongera compl\u00e8tement dans l&#8217;esprit de la f\u00eate.<\/p>\n\n\n\n<p>La magie de Porto combin\u00e9e \u00e0 l&#8217;excellence de Feel Porto fera de votre r\u00e9veillon de S\u00e3o Jo\u00e3o une exp\u00e9rience unique et inoubliable.<\/p>\n\n\n<div class=\"wp-block-image size-large\">\n<figure class=\"aligncenter size-medium is-resized\"><a href=\"https:\/\/www.sailing-360.com\/pt\/sao-joao-fr\/\"><img loading=\"lazy\" src=\"https:\/\/www.feelporto.com\/blog\/wp-content\/uploads\/2023\/06\/row-3-column-2-2-1-380x350.png\" alt=\"\" class=\"wp-image-2523\" width=\"640\" height=\"427\"\/><\/a><figcaption>Excursion en bateau sur le fleuve Douro avec d\u00eener<\/figcaption><\/figure><\/div>\n\n\n<div style=\"height:25px\" aria-hidden=\"true\" class=\"wp-block-spacer\"><\/div>\n\n\n\n<h2>2. <strong><strong><a href=\"https:\/\/www.feelporto.com\/fr\/location\/location-locations-e0\/?FRMNombre=nightlife\">Coucher de soleil sur le toit de S\u00e3o Jo\u00e3o<\/a><\/strong><\/strong><\/h2>\n\n\n\n<p>Rassemblez vos amis et r\u00e9servez d\u00e8s maintenant l&#8217;un de nos incroyables appartements, situ\u00e9s juste \u00e0 c\u00f4t\u00e9 de l&#8217;embl\u00e9matique Rua da Galeria de Paris ! Cette rue est tout simplement embl\u00e9matique de la ville de Porto pour ceux qui aiment passer une nuit anim\u00e9e dans les bars et les clubs. Pendant S\u00e3o Jo\u00e3o, la rue se remplit de lumi\u00e8res et de couleurs, ce qui en fait un lieu incontournable.<\/p>\n\n\n\n<p>En r\u00e9servant un appartement dans notre immeuble de Galerias, vous aurez la possibilit\u00e9 de profiter de notre incroyable toit-terrasse. Imaginez-vous en train de d\u00eener \u00e0 S\u00e3o Jo\u00e3o, entour\u00e9 de l&#8217;atmosph\u00e8re festive qui r\u00e8gne dans la rue. Profitez de l&#8217;atmosph\u00e8re contagieuse et d\u00e9tendue pour c\u00e9l\u00e9brer cette f\u00eate traditionnelle.<\/p>\n\n\n\n<p>Ne manquez pas cette occasion de vivre une nuit de S\u00e3o Jo\u00e3o pleine de plaisir et de style. R\u00e9servez d\u00e8s maintenant et garantissez un s\u00e9jour inoubliable dans l&#8217;un des endroits les plus anim\u00e9s de la ville de Porto!<\/p>\n\n\n<div class=\"wp-block-image\">\n<figure class=\"aligncenter size-full is-resized\"><a href=\"https:\/\/www.feelporto.com\/fr\/location\/location-locations-e0\/?FRMNombre=nightlife\"><img loading=\"lazy\" src=\"https:\/\/www.feelporto.com\/blog\/wp-content\/uploads\/2023\/06\/Galerias-4873-1-2-scaled.jpg\" alt=\"\" class=\"wp-image-2528\" width=\"640\" height=\"427\" srcset=\"https:\/\/www.feelporto.com\/blog\/wp-content\/uploads\/2023\/06\/Galerias-4873-1-2-scaled.jpg 2560w, https:\/\/www.feelporto.com\/blog\/wp-content\/uploads\/2023\/06\/Galerias-4873-1-2-768x513.jpg 768w, https:\/\/www.feelporto.com\/blog\/wp-content\/uploads\/2023\/06\/Galerias-4873-1-2-1536x1025.jpg 1536w, https:\/\/www.feelporto.com\/blog\/wp-content\/uploads\/2023\/06\/Galerias-4873-1-2-2048x1367.jpg 2048w\" sizes=\"(max-width: 640px) 100vw, 640px\" \/><\/a><figcaption>Coucher de soleil sur le toit de S\u00e3o Jo\u00e3o<\/figcaption><\/figure><\/div>\n\n\n<div style=\"height:25px\" aria-hidden=\"true\" class=\"wp-block-spacer\"><\/div>\n\n\n\n<h2>3. <a href=\"https:\/\/www.feelporto.com\/fr\/location\/location-appartements-c1\/tag-familles-et-groupes\/\">S\u00e3o Jo\u00e3o en toute r\u00e9union<\/a><\/h2>\n\n\n\n<p>Rien de mieux que de partager des moments incroyables avec votre famille ou vos amis. Avec Feel Porto, nous proposons des options pour tous les go\u00fbts, avec des appartements spacieux et \u00e9quip\u00e9s sp\u00e9cialement pour les grands groupes. Ici, vous vous sentirez comme chez vous!<\/p>\n\n\n\n<p>Imaginez-vous en train de d\u00e9guster de d\u00e9licieux repas traditionnels, tout en passant des moments inoubliables avec votre famille. Vous pouvez aussi organiser un d\u00eener anim\u00e9 avec vos amis, en vous pr\u00e9parant pour une nuit spectaculaire \u00e0 S\u00e3o Jo\u00e3o, avec ses rues pleines de couleurs et de lumi\u00e8res. Ce sera une exp\u00e9rience unique et passionnante!<\/p>\n\n\n\n<p>Ne perdez pas de temps et r\u00e9servez votre appartement d\u00e8s maintenant. Pr\u00e9parez-vous \u00e0 vivre la nuit de la S\u00e3o Jo\u00e3o la plus sp\u00e9ciale de votre vie avec les personnes que vous aimez le plus. Venez cr\u00e9er des souvenirs qui resteront \u00e0 jamais grav\u00e9s dans votre m\u00e9moire!<\/p>\n\n\n<div class=\"wp-block-image\">\n<figure class=\"aligncenter size-full is-resized\"><a href=\"https:\/\/www.feelporto.com\/fr\/location\/location-appartements-c1\/tag-familles-et-groupes\/\"><img loading=\"lazy\" src=\"https:\/\/www.feelporto.com\/blog\/wp-content\/uploads\/2023\/06\/2-2-scaled.jpg\" alt=\"\" class=\"wp-image-2533\" width=\"640\" height=\"427\" srcset=\"https:\/\/www.feelporto.com\/blog\/wp-content\/uploads\/2023\/06\/2-2-scaled.jpg 2560w, https:\/\/www.feelporto.com\/blog\/wp-content\/uploads\/2023\/06\/2-2-768x512.jpg 768w, https:\/\/www.feelporto.com\/blog\/wp-content\/uploads\/2023\/06\/2-2-1536x1024.jpg 1536w, https:\/\/www.feelporto.com\/blog\/wp-content\/uploads\/2023\/06\/2-2-2048x1365.jpg 2048w\" sizes=\"(max-width: 640px) 100vw, 640px\" \/><\/a><figcaption>Croisi\u00e8res sur le Douro<\/figcaption><\/figure><\/div>\n\n\n<h2>Si vous \u00eates \u00e0 la recherche d&#8217;un logement, consultez les diff\u00e9rentes options disponibles dans le centre ville<\/h2>\n\n\n\n<p><\/p>\n\n\n\n<h2>FAQ \u2013 Vivez la Saint-Jean avec Feel Porto<\/h2>\n\n\n\n<p><strong>1. Comment puis-je r\u00e9server ma place pour les sorties en bateau ?<\/strong><\/p>\n\n\n\n<p>Les exp\u00e9riences de la Saint-Jean, en particulier la<a href=\"https:\/\/www.sailing-360.com\/pt\/noite-sao-joao\/\"> croisi\u00e8re avec d\u00eener<\/a>, sont tr\u00e8s pris\u00e9es et les places sont limit\u00e9es. Nous vous recommandons de r\u00e9server le plus t\u00f4t possible via notre site web ou en contactant directement notre \u00e9quipe de r\u00e9servation.<\/p>\n\n\n\n<p><strong>2. Le d\u00eener sur le bateau inclut-il une vue sur le feu d&#8217;artifice ?<\/strong><\/p>\n\n\n\n<p>Oui. C&#8217;est l&#8217;un des grands avantages de notre exp\u00e9rience. Le bateau effectue un arr\u00eat strat\u00e9gique sur le fleuve Douro afin que tous les passagers puissent profiter d&#8217;une vue privil\u00e9gi\u00e9e et panoramique sur le spectacle pyrotechnique de minuit, loin de la foule sur les berges.<\/p>\n\n\n\n<p><strong>3.  Quels sont les appartements les plus adapt\u00e9s pour ceux qui souhaitent faire la f\u00eate ?<\/strong><\/p>\n\n\n\n<p>Les appartements <a href=\"https:\/\/www.feelporto.com\/fr\/location\/location-locations-d0\/?FRMNombre=galerias\">Galerias<\/a> sont l&#8217;endroit id\u00e9al pour ceux qui recherchent une vie nocturne anim\u00e9e. En s\u00e9journant ici, vous b\u00e9n\u00e9ficierez d&#8217;un acc\u00e8s exclusif \u00e0 notre rooftop et serez \u00e0 quelques pas des discoth\u00e8ques et des bars les plus anim\u00e9s de la ville, qui, ce soir-l\u00e0, d\u00e9bordent d&#8217;une \u00e9nergie particuli\u00e8re.<\/p>\n\n\n\n<p><strong>4. Feel Porto propose-t-il des options pour les grands groupes ?<\/strong><\/p>\n\n\n\n<p>Oui. Nous disposons d&#8217;une large gamme d&#8217;appartements spacieux et enti\u00e8rement \u00e9quip\u00e9s pouvant accueillir <strong>de grands groupes dans un m\u00eame espace<\/strong>. Ils constituent la solution id\u00e9ale pour ceux qui souhaitent organiser leur propre d\u00eener traditionnel de la Saint-Jean en toute intimit\u00e9 et dans le plus grand confort, avant de partir explorer les rues color\u00e9es de la ville.<\/p>\n\n\n\n<div class=\"wp-container-1 is-content-justification-center wp-block-buttons\">\n<div class=\"wp-block-button\"><a class=\"wp-block-button__link has-background\" href=\"https:\/\/www.feelporto.com\/fr\/experiences\/\" style=\"background-color:#009bd2\" target=\"_blank\" rel=\"noreferrer noopener\">D\u00c9COUVREZ LES EXP\u00c9RIENCES FEEL PORTO<\/a><\/div>\n<\/div>\n","protected":false},"excerpt":{"rendered":"<p>Feel Porto propose une grande vari\u00e9t\u00e9 d&#8217;exp\u00e9riences et de services pour un voyage inoubliable entre amis \u00e0 Porto.<\/p>\n","protected":false},"author":2,"featured_media":2262,"comment_status":"open","ping_status":"open","sticky":false,"template":"","format":"standard","meta":[],"categories":[115,127,133],"tags":[225,231,410,411],"yoast_head":"<!-- This site is optimized with the Yoast SEO plugin v19.1 - https:\/\/yoast.com\/wordpress\/plugins\/seo\/ -->\n<title>C\u00e9l\u00e9brez la S\u00e3o Jo\u00e3o \u00e0 Porto<\/title>\n<meta name=\"description\" content=\"Feel Porto propose une grande vari\u00e9t\u00e9 d&#039;exp\u00e9riences et de services pour un voyage inoubliable entre amis \u00e0 Porto.\" \/>\n<meta name=\"robots\" content=\"index, follow, max-snippet:-1, max-image-preview:large, max-video-preview:-1\" \/>\n<link rel=\"canonical\" href=\"https:\/\/www.feelporto.com\/blog\/fr\/experiences\/celebrez-la-sao-joao-a-porto\/\" \/>\n<meta property=\"og:locale\" content=\"fr_FR\" \/>\n<meta property=\"og:type\" content=\"article\" \/>\n<meta property=\"og:title\" content=\"C\u00e9l\u00e9brez la S\u00e3o Jo\u00e3o \u00e0 Porto\" \/>\n<meta property=\"og:description\" content=\"Feel Porto propose une grande vari\u00e9t\u00e9 d&#039;exp\u00e9riences et de services pour un voyage inoubliable entre amis \u00e0 Porto.\" \/>\n<meta property=\"og:url\" content=\"https:\/\/www.feelporto.com\/blog\/fr\/experiences\/celebrez-la-sao-joao-a-porto\/\" \/>\n<meta property=\"og:site_name\" content=\"Where to Stay, What to Do and Eat @ Porto\" \/>\n<meta property=\"article:publisher\" content=\"https:\/\/www.facebook.com\/feelporto\" \/>\n<meta property=\"article:published_time\" content=\"2023-06-09T13:49:15+00:00\" \/>\n<meta property=\"article:modified_time\" content=\"2026-03-30T13:10:38+00:00\" \/>\n<meta property=\"og:image\" content=\"https:\/\/www.feelporto.com\/blog\/wp-content\/uploads\/2022\/05\/imagensblog-1.png\" \/>\n\t<meta property=\"og:image:width\" content=\"800\" \/>\n\t<meta property=\"og:image:height\" content=\"400\" \/>\n\t<meta property=\"og:image:type\" content=\"image\/png\" \/>\n<meta name=\"twitter:card\" content=\"summary_large_image\" \/>\n<meta name=\"twitter:creator\" content=\"@FeelPorto\" \/>\n<meta name=\"twitter:site\" content=\"@FeelPorto\" \/>\n<meta name=\"twitter:label1\" content=\"\u00c9crit par\" \/>\n\t<meta name=\"twitter:data1\" content=\"feelporto\" \/>\n\t<meta name=\"twitter:label2\" content=\"Dur\u00e9e de lecture estim\u00e9e\" \/>\n\t<meta name=\"twitter:data2\" content=\"5 minutes\" \/>\n<script type=\"application\/ld+json\" class=\"yoast-schema-graph\">{\"@context\":\"https:\/\/schema.org\",\"@graph\":[{\"@type\":\"WebSite\",\"@id\":\"https:\/\/www.feelporto.com\/blog\/#website\",\"url\":\"https:\/\/www.feelporto.com\/blog\/\",\"name\":\"Where to Stay, What to Do and Eat @ Porto\",\"description\":\"FEEL PORTO \u00ae\",\"potentialAction\":[{\"@type\":\"SearchAction\",\"target\":{\"@type\":\"EntryPoint\",\"urlTemplate\":\"https:\/\/www.feelporto.com\/blog\/?s={search_term_string}\"},\"query-input\":\"required name=search_term_string\"}],\"inLanguage\":\"fr-FR\"},{\"@type\":\"ImageObject\",\"inLanguage\":\"fr-FR\",\"@id\":\"https:\/\/www.feelporto.com\/blog\/fr\/experiences\/celebrez-la-sao-joao-a-porto\/#primaryimage\",\"url\":\"https:\/\/www.feelporto.com\/blog\/wp-content\/uploads\/2022\/05\/imagensblog-1.png\",\"contentUrl\":\"https:\/\/www.feelporto.com\/blog\/wp-content\/uploads\/2022\/05\/imagensblog-1.png\",\"width\":800,\"height\":400,\"caption\":\"Martelo S\u00e3o Jo\u00e3o do Porto\"},{\"@type\":\"WebPage\",\"@id\":\"https:\/\/www.feelporto.com\/blog\/fr\/experiences\/celebrez-la-sao-joao-a-porto\/#webpage\",\"url\":\"https:\/\/www.feelporto.com\/blog\/fr\/experiences\/celebrez-la-sao-joao-a-porto\/\",\"name\":\"C\u00e9l\u00e9brez la S\u00e3o Jo\u00e3o \u00e0 Porto\",\"isPartOf\":{\"@id\":\"https:\/\/www.feelporto.com\/blog\/#website\"},\"primaryImageOfPage\":{\"@id\":\"https:\/\/www.feelporto.com\/blog\/fr\/experiences\/celebrez-la-sao-joao-a-porto\/#primaryimage\"},\"datePublished\":\"2023-06-09T13:49:15+00:00\",\"dateModified\":\"2026-03-30T13:10:38+00:00\",\"author\":{\"@id\":\"https:\/\/www.feelporto.com\/blog\/#\/schema\/person\/3eaff76d2a7429b3c6af35a3b392629e\"},\"description\":\"Feel Porto propose une grande vari\u00e9t\u00e9 d'exp\u00e9riences et de services pour un voyage inoubliable entre amis \u00e0 Porto.\",\"breadcrumb\":{\"@id\":\"https:\/\/www.feelporto.com\/blog\/fr\/experiences\/celebrez-la-sao-joao-a-porto\/#breadcrumb\"},\"inLanguage\":\"fr-FR\",\"potentialAction\":[{\"@type\":\"ReadAction\",\"target\":[\"https:\/\/www.feelporto.com\/blog\/fr\/experiences\/celebrez-la-sao-joao-a-porto\/\"]}]},{\"@type\":\"BreadcrumbList\",\"@id\":\"https:\/\/www.feelporto.com\/blog\/fr\/experiences\/celebrez-la-sao-joao-a-porto\/#breadcrumb\",\"itemListElement\":[{\"@type\":\"ListItem\",\"position\":1,\"name\":\"Home\",\"item\":\"https:\/\/www.feelporto.com\/blog\/fr\/\"},{\"@type\":\"ListItem\",\"position\":2,\"name\":\"C\u00e9l\u00e9brez la S\u00e3o Jo\u00e3o \u00e0 Porto\"}]},{\"@type\":\"Person\",\"@id\":\"https:\/\/www.feelporto.com\/blog\/#\/schema\/person\/3eaff76d2a7429b3c6af35a3b392629e\",\"name\":\"feelporto\",\"image\":{\"@type\":\"ImageObject\",\"inLanguage\":\"fr-FR\",\"@id\":\"https:\/\/www.feelporto.com\/blog\/#\/schema\/person\/image\/\",\"url\":\"https:\/\/secure.gravatar.com\/avatar\/a062aafcc6c2947ee8990c2cf973be07?s=96&d=mm&r=g\",\"contentUrl\":\"https:\/\/secure.gravatar.com\/avatar\/a062aafcc6c2947ee8990c2cf973be07?s=96&d=mm&r=g\",\"caption\":\"feelporto\"},\"url\":\"https:\/\/www.feelporto.com\/blog\/fr\/author\/feelporto\/\"}]}<\/script>\n<!-- \/ Yoast SEO plugin. -->","yoast_head_json":{"title":"C\u00e9l\u00e9brez la S\u00e3o Jo\u00e3o \u00e0 Porto","description":"Feel Porto propose une grande vari\u00e9t\u00e9 d'exp\u00e9riences et de services pour un voyage inoubliable entre amis \u00e0 Porto.","robots":{"index":"index","follow":"follow","max-snippet":"max-snippet:-1","max-image-preview":"max-image-preview:large","max-video-preview":"max-video-preview:-1"},"canonical":"https:\/\/www.feelporto.com\/blog\/fr\/experiences\/celebrez-la-sao-joao-a-porto\/","og_locale":"fr_FR","og_type":"article","og_title":"C\u00e9l\u00e9brez la S\u00e3o Jo\u00e3o \u00e0 Porto","og_description":"Feel Porto propose une grande vari\u00e9t\u00e9 d'exp\u00e9riences et de services pour un voyage inoubliable entre amis \u00e0 Porto.","og_url":"https:\/\/www.feelporto.com\/blog\/fr\/experiences\/celebrez-la-sao-joao-a-porto\/","og_site_name":"Where to Stay, What to Do and Eat @ Porto","article_publisher":"https:\/\/www.facebook.com\/feelporto","article_published_time":"2023-06-09T13:49:15+00:00","article_modified_time":"2026-03-30T13:10:38+00:00","og_image":[{"width":800,"height":400,"url":"https:\/\/www.feelporto.com\/blog\/wp-content\/uploads\/2022\/05\/imagensblog-1.png","type":"image\/png"}],"twitter_card":"summary_large_image","twitter_creator":"@FeelPorto","twitter_site":"@FeelPorto","twitter_misc":{"\u00c9crit par":"feelporto","Dur\u00e9e de lecture estim\u00e9e":"5 minutes"},"schema":{"@context":"https:\/\/schema.org","@graph":[{"@type":"WebSite","@id":"https:\/\/www.feelporto.com\/blog\/#website","url":"https:\/\/www.feelporto.com\/blog\/","name":"Where to Stay, What to Do and Eat @ Porto","description":"FEEL PORTO \u00ae","potentialAction":[{"@type":"SearchAction","target":{"@type":"EntryPoint","urlTemplate":"https:\/\/www.feelporto.com\/blog\/?s={search_term_string}"},"query-input":"required name=search_term_string"}],"inLanguage":"fr-FR"},{"@type":"ImageObject","inLanguage":"fr-FR","@id":"https:\/\/www.feelporto.com\/blog\/fr\/experiences\/celebrez-la-sao-joao-a-porto\/#primaryimage","url":"https:\/\/www.feelporto.com\/blog\/wp-content\/uploads\/2022\/05\/imagensblog-1.png","contentUrl":"https:\/\/www.feelporto.com\/blog\/wp-content\/uploads\/2022\/05\/imagensblog-1.png","width":800,"height":400,"caption":"Martelo S\u00e3o Jo\u00e3o do Porto"},{"@type":"WebPage","@id":"https:\/\/www.feelporto.com\/blog\/fr\/experiences\/celebrez-la-sao-joao-a-porto\/#webpage","url":"https:\/\/www.feelporto.com\/blog\/fr\/experiences\/celebrez-la-sao-joao-a-porto\/","name":"C\u00e9l\u00e9brez la S\u00e3o Jo\u00e3o \u00e0 Porto","isPartOf":{"@id":"https:\/\/www.feelporto.com\/blog\/#website"},"primaryImageOfPage":{"@id":"https:\/\/www.feelporto.com\/blog\/fr\/experiences\/celebrez-la-sao-joao-a-porto\/#primaryimage"},"datePublished":"2023-06-09T13:49:15+00:00","dateModified":"2026-03-30T13:10:38+00:00","author":{"@id":"https:\/\/www.feelporto.com\/blog\/#\/schema\/person\/3eaff76d2a7429b3c6af35a3b392629e"},"description":"Feel Porto propose une grande vari\u00e9t\u00e9 d'exp\u00e9riences et de services pour un voyage inoubliable entre amis \u00e0 Porto.","breadcrumb":{"@id":"https:\/\/www.feelporto.com\/blog\/fr\/experiences\/celebrez-la-sao-joao-a-porto\/#breadcrumb"},"inLanguage":"fr-FR","potentialAction":[{"@type":"ReadAction","target":["https:\/\/www.feelporto.com\/blog\/fr\/experiences\/celebrez-la-sao-joao-a-porto\/"]}]},{"@type":"BreadcrumbList","@id":"https:\/\/www.feelporto.com\/blog\/fr\/experiences\/celebrez-la-sao-joao-a-porto\/#breadcrumb","itemListElement":[{"@type":"ListItem","position":1,"name":"Home","item":"https:\/\/www.feelporto.com\/blog\/fr\/"},{"@type":"ListItem","position":2,"name":"C\u00e9l\u00e9brez la S\u00e3o Jo\u00e3o \u00e0 Porto"}]},{"@type":"Person","@id":"https:\/\/www.feelporto.com\/blog\/#\/schema\/person\/3eaff76d2a7429b3c6af35a3b392629e","name":"feelporto","image":{"@type":"ImageObject","inLanguage":"fr-FR","@id":"https:\/\/www.feelporto.com\/blog\/#\/schema\/person\/image\/","url":"https:\/\/secure.gravatar.com\/avatar\/a062aafcc6c2947ee8990c2cf973be07?s=96&d=mm&r=g","contentUrl":"https:\/\/secure.gravatar.com\/avatar\/a062aafcc6c2947ee8990c2cf973be07?s=96&d=mm&r=g","caption":"feelporto"},"url":"https:\/\/www.feelporto.com\/blog\/fr\/author\/feelporto\/"}]}},"amp_enabled":true,"_links":{"self":[{"href":"https:\/\/www.feelporto.com\/blog\/fr\/wp-json\/wp\/v2\/posts\/2474"}],"collection":[{"href":"https:\/\/www.feelporto.com\/blog\/fr\/wp-json\/wp\/v2\/posts"}],"about":[{"href":"https:\/\/www.feelporto.com\/blog\/fr\/wp-json\/wp\/v2\/types\/post"}],"author":[{"embeddable":true,"href":"https:\/\/www.feelporto.com\/blog\/fr\/wp-json\/wp\/v2\/users\/2"}],"replies":[{"embeddable":true,"href":"https:\/\/www.feelporto.com\/blog\/fr\/wp-json\/wp\/v2\/comments?post=2474"}],"version-history":[{"count":3,"href":"https:\/\/www.feelporto.com\/blog\/fr\/wp-json\/wp\/v2\/posts\/2474\/revisions"}],"predecessor-version":[{"id":4054,"href":"https:\/\/www.feelporto.com\/blog\/fr\/wp-json\/wp\/v2\/posts\/2474\/revisions\/4054"}],"wp:featuredmedia":[{"embeddable":true,"href":"https:\/\/www.feelporto.com\/blog\/fr\/wp-json\/wp\/v2\/media\/2262"}],"wp:attachment":[{"href":"https:\/\/www.feelporto.com\/blog\/fr\/wp-json\/wp\/v2\/media?parent=2474"}],"wp:term":[{"taxonomy":"category","embeddable":true,"href":"https:\/\/www.feelporto.com\/blog\/fr\/wp-json\/wp\/v2\/categories?post=2474"},{"taxonomy":"post_tag","embeddable":true,"href":"https:\/\/www.feelporto.com\/blog\/fr\/wp-json\/wp\/v2\/tags?post=2474"}],"curies":[{"name":"wp","href":"https:\/\/api.w.org\/{rel}","templated":true}]}}