{"id":2416,"date":"2023-03-17T16:27:32","date_gmt":"2023-03-17T16:27:32","guid":{"rendered":"https:\/\/www.feelporto.com\/blog\/?p=2416"},"modified":"2023-03-17T16:27:35","modified_gmt":"2023-03-17T16:27:35","slug":"experiences-et-services-pour-un-voyage-entre-amis-a-porto","status":"publish","type":"post","link":"https:\/\/www.feelporto.com\/blog\/fr\/experiences\/experiences-et-services-pour-un-voyage-entre-amis-a-porto\/","title":{"rendered":"Exp\u00e9riences et services pour un Voyage entre amis \u00e0 Porto"},"content":{"rendered":"\n<p>Lorsque l&#8217;on voyage avec des amis, des exp\u00e9riences et des services de qualit\u00e9 sont essentiels pour cr\u00e9er des souvenirs inoubliables et des moments de plaisir. Pour cela, il est important d&#8217;avoir une bonne communication et une planification minutieuse pour que le voyage soit agr\u00e9able.<\/p>\n\n\n\n<p>L&#8217;une des principales pr\u00e9occupations est d&#8217;int\u00e9grer dans le budget total tous les int\u00e9r\u00eats des personnes concern\u00e9es. <a href=\"https:\/\/www.feelporto.com\/fr\/a-propos\/\">L&#8217;\u00e9quipe de Feel Porto<\/a> a la solution! En plus des diff\u00e9rentes exp\u00e9riences et services que le groupe Feel propose, notre \u00e9quipe vous aidera \u00e0 cr\u00e9er un itin\u00e9raire personnalis\u00e9 qui r\u00e9pondra aux besoins de chacun. Un autre facteur \u00e0 prendre en compte est l&#8217;h\u00e9bergement, qui doit pouvoir accueillir confortablement tous les voyageurs. Feel Porto dispose d&#8217;une large gamme d&#8217;h\u00e9bergements locaux, r\u00e9partis dans toute la ville de Porto, allant de <a href=\"https:\/\/www.feelporto.com\/fr\/location\/location-locations-e0\/\">studios et d&#8217;appartements<\/a> pouvant accueillir de 2 \u00e0 28 personnes.&nbsp;<\/p>\n\n\n\n<p><a href=\"https:\/\/www.feelporto.com\/fr\/services\/\">La liste des services propos\u00e9s par Feel Porto<\/a> a pour but de vous faire sentir comme chez vous. Ces services vont <a href=\"https:\/\/www.ztmobility.com\/en\">du transfert de l&#8217;a\u00e9roport \u00e0 l&#8217;appartement<\/a>, \u00e0 l&#8217;enregistrement et au d\u00e9part en dehors des heures d&#8217;ouverture avec possibilit\u00e9 de stockage des bagages, en passant par la livraison d&#8217;un excellent petit d\u00e9jeuner, de produits frais et de produits d&#8217;\u00e9picerie.&nbsp;<\/p>\n\n\n\n<p>Lors d&#8217;une visite \u00e0 Porto, il y a ind\u00e9niablement des choses \u00e0 ne pas manquer. Visiter la Torre dos Cl\u00e9rigos et la Livraria Lello, se promener dans la Rua de Santa Catarina, entrer dans le Mercado do Bolh\u00e3o, explorer les boutiques d&#8217;artisanat de Ribeira, savourer la gastronomie accompagn\u00e9e des meilleurs vins de la r\u00e9gion et en apprendre davantage sur leur production en sont quelques-unes.<\/p>\n\n\n\n<p>Feel Porto propose une <a href=\"https:\/\/www.feelporto.com\/fr\/experiences\/\">large gamme de exp\u00e9riences<\/a> qui vous permettent d&#8217;explorer les principales attractions de diff\u00e9rentes mani\u00e8res. D\u00e9couvrez-les tous:<\/p>\n\n\n\n<h2>1. <a href=\"https:\/\/www.feelporto.com\/fr\/experiences\/\">Beer Bike &#8211; V\u00e9lo et boisson ne riment pas, mais ils se combinent<\/a><\/h2>\n\n\n\n<p>L&#8217;exp\u00e9rience Beer Bike est une mani\u00e8re unique et amusante d&#8217;explorer la ville Invicta avec ou sans guide, tout en s&#8217;amusant avec ses amis.<\/p>\n\n\n\n<p>Il s&#8217;agit d&#8217;un v\u00e9lo pouvant accueillir jusqu&#8217;\u00e0 17 personnes, propuls\u00e9 par un p\u00e9dalier, qui permet au groupe de p\u00e9daler \u00e0 travers certains des principaux points de la ville tout en buvant une bi\u00e8re ou en faisant un barbecue.<\/p>\n\n\n<div class=\"wp-block-image size-large\">\n<figure class=\"aligncenter\"><a href=\"https:\/\/www.feelporto.com\/fr\/experiences\/\" target=\"_blank\" rel=\"noreferrer noopener\"><img loading=\"lazy\" width=\"1080\" height=\"630\" src=\"https:\/\/www.feelporto.com\/blog\/wp-content\/uploads\/2022\/07\/Blog_IGFB-12-min-1080x630.png\" alt=\"\" class=\"wp-image-2341\"\/><\/a><figcaption>Exp\u00e9rience Beer Bike<\/figcaption><\/figure><\/div>\n\n\n<div style=\"height:25px\" aria-hidden=\"true\" class=\"wp-block-spacer\"><\/div>\n\n\n\n<h2>2. <strong><strong><a href=\"https:\/\/www.feelporto.com\/fr\/experiences\/\">Visite photographique &#8211; Un clic de plus, un sourire de plus<\/a><\/strong><\/strong><\/h2>\n\n\n\n<p>La visite photographique est guid\u00e9e par un photographe professionnel qui conna\u00eet la ville comme personne et sait comment capturer les meilleurs angles et lumi\u00e8res pour cr\u00e9er des photos \u00e9tonnantes. Choisissez l&#8217;un des itin\u00e9raires en fonction de vos centres d&#8217;int\u00e9r\u00eat et des endroits o\u00f9 vous souhaitez vous rendre et vous faire photographier. \u00c0 la fin de la visite, le groupe recevra un lien pour t\u00e9l\u00e9charger toutes les photos prises, afin de partager et d&#8217;\u00e9terniser leur exp\u00e9rience.<\/p>\n\n\n<div class=\"wp-block-image\">\n<figure class=\"aligncenter size-large\"><a href=\"https:\/\/www.feelporto.com\/fr\/experiences\/\" target=\"_blank\" rel=\"noreferrer noopener\"><img loading=\"lazy\" width=\"1920\" height=\"630\" src=\"https:\/\/www.feelporto.com\/blog\/wp-content\/uploads\/2023\/03\/MicrosoftTeams-image-3-1920x630.jpg\" alt=\"\" class=\"wp-image-2435\"\/><\/a><figcaption>Visite Photographique<\/figcaption><\/figure><\/div>\n\n\n<div style=\"height:25px\" aria-hidden=\"true\" class=\"wp-block-spacer\"><\/div>\n\n\n\n<h2>3. <a href=\"https:\/\/www.sailing-360.com\/fr\/\">Sailing 360\u00ba &#8211; Up the Douro: Croisi\u00e8res sur le Douro<\/a><\/h2>\n\n\n\n<p>Les <a href=\"https:\/\/www.sailing-360.com\/fr\/croisieres\/croisiere-sur-le-douro\/\">croisi\u00e8res priv\u00e9es sur le Douro<\/a>, qui permettent de profiter des charmes de ses rives, sont sans aucun doute une exp\u00e9rience nautique \u00e0 ne pas manquer.<\/p>\n\n\n\n<p>La <a href=\"https:\/\/www.feelporto.com\/fr\/experiences\/\">Route du Douro<\/a> est une croisi\u00e8re qui permet de partir de Porto et de d\u00e9couvrir les merveilleux paysages viticoles du Haut-Douro, de passer une journ\u00e9e inoubliable et de revenir avec des souvenirs photographiques et sensoriels.&nbsp;<\/p>\n\n\n\n<p>Une autre exp\u00e9rience \u00e0 ne pas manquer est une croisi\u00e8re de quelques heures \u00e0 bord d&#8217;un voilier moderne \u00e9quip\u00e9 de toutes les commodit\u00e9s n\u00e9cessaires, o\u00f9 vous pourrez profiter d&#8217;un voyage priv\u00e9, paisible et relaxant qui vous permettra de voir les c\u00e9l\u00e8bres ponts centenaires de la ville et m\u00eame de r\u00e9chauffer votre \u00e2me avec un voyage en haute mer au coucher du soleil, tout en d\u00e9gustant quelques-uns des meilleurs vins produits dans la r\u00e9gion.<\/p>\n\n\n<div class=\"wp-block-image\">\n<figure class=\"aligncenter size-large\"><a href=\"https:\/\/www.sailing-360.com\/fr\/\" target=\"_blank\" rel=\"noreferrer noopener\"><img loading=\"lazy\" width=\"1500\" height=\"630\" src=\"https:\/\/www.feelporto.com\/blog\/wp-content\/uploads\/2022\/04\/104966791_309191050242691_2763330039651351860_n-1500x630.jpg\" alt=\"Passeio Privado de Barco\" class=\"wp-image-2195\"\/><\/a><figcaption>Croisi\u00e8res sur le Douro<\/figcaption><\/figure><\/div>\n\n\n<div style=\"height:25px\" aria-hidden=\"true\" class=\"wp-block-spacer\"><\/div>\n\n\n\n<h2>4. <strong><strong><a href=\"https:\/\/www.feelporto.com\/fr\/experiences\/\">Activit\u00e9 radicale &#8211; Exp\u00e9riences en buggy \u00e0 forte dose d&#8217;adr\u00e9naline<\/a><\/strong><\/strong><\/h2>\n\n\n\n<p>La r\u00e9gion du Haut-Douro propose \u00e9galement des aventures radicales: des promenades hors des sentiers battus \u00e0 bord de buggys \u00e9quip\u00e9s de moteurs puissants. Cette exp\u00e9rience pleine d&#8217;adr\u00e9naline permet aux participants d&#8217;explorer les magnifiques paysages de la r\u00e9gion du Douro dans un environnement amusant et stimulant.<\/p>\n\n\n\n<p>Au cours de l&#8217;excursion, le groupe passera par des sentiers sinueux, des collines, des vall\u00e9es et des rivi\u00e8res et aura l&#8217;occasion d&#8217;admirer les vues panoramiques de la r\u00e9gion.<\/p>\n\n\n\n<p>Si vous souhaitez en savoir plus sur la r\u00e9gion, vous pouvez toujours <a href=\"https:\/\/www.feeldiscovery.com\/houses\">r\u00e9server un s\u00e9jour avec Feel Discovery,<\/a> dans une maison b\u00e9n\u00e9ficiant d&#8217;une situation privil\u00e9gi\u00e9e, entour\u00e9e de vignobles et d&#8217;histoire.<\/p>\n\n\n<div class=\"wp-block-image\">\n<figure class=\"aligncenter size-large\"><a href=\"https:\/\/www.feelporto.com\/fr\/experiences\/\" target=\"_blank\" rel=\"noreferrer noopener\"><img loading=\"lazy\" width=\"1024\" height=\"630\" src=\"https:\/\/www.feelporto.com\/blog\/wp-content\/uploads\/2023\/03\/MicrosoftTeams-image-1024x630.jpg\" alt=\"\" class=\"wp-image-2420\"\/><\/a><figcaption>Aventure en buggy<\/figcaption><\/figure><\/div>\n\n\n<div style=\"height:25px\" aria-hidden=\"true\" class=\"wp-block-spacer\"><\/div>\n\n\n\n<h2>5. Vie nocturne &#8211; Nuit \u00e9clair\u00e9e de rues anim\u00e9es<\/h2>\n\n\n\n<p>La vie nocturne dans le centre historique de la ville est anim\u00e9e et vibrante, avec des options pour tous les go\u00fbts et tous les styles. Parmi les lieux les plus embl\u00e9matiques, citons l&#8217;Adega Leonor, la Taberninha do Manel et le Bar Tolo.<\/p>\n\n\n\n<p>Il existe une grande vari\u00e9t\u00e9 de bars, de restaurants, de pubs, de discoth\u00e8ques et de maisons de fado diss\u00e9min\u00e9s dans la ville, qui r\u00e9pondent \u00e0 tous les go\u00fbts musicaux. L&#8217;un des quartiers les plus populaires est la rue des Galeries de Paris, une charmante rue \u00e9troite bord\u00e9e de bars et de pubs qui attirent les foules en qu\u00eate de divertissement. Cette rue est connue pour son atmosph\u00e8re d\u00e9tendue, ses concerts, ses DJ et ses nombreuses boissons.<\/p>\n\n\n\n<p>Un autre quartier important est la Ribeira, situ\u00e9e sur les rives du Douro, o\u00f9 les bars et les restaurants offrent une vue imprenable sur la ville et le fleuve. Les terrasses sont l&#8217;endroit id\u00e9al pour d\u00e9couvrir la culture et l&#8217;\u00e9nergie de la ville tout en d\u00e9gustant une glace et en discutant avec des amis. Parmi les suggestions, citons le Calem Port Lodge et le Porta-Jazz.<\/p>\n\n\n<div class=\"wp-block-image\">\n<figure class=\"aligncenter size-large\"><img loading=\"lazy\" width=\"1920\" height=\"630\" src=\"https:\/\/www.feelporto.com\/blog\/wp-content\/uploads\/2023\/03\/MicrosoftTeams-image-2-1920x630.jpg\" alt=\"\" class=\"wp-image-2430\"\/><figcaption>Vie nocturne<\/figcaption><\/figure><\/div>\n\n\n<div style=\"height:25px\" aria-hidden=\"true\" class=\"wp-block-spacer\"><\/div>\n\n\n\n<h2>6. Gastronomie &#8211; Soyez un vrai nordique et votre palais vous remerciera<\/h2>\n\n\n\n<p>Enfin, la gastronomie. Visiter Porto, surtout avec des amis, et ne pas s&#8217;arr\u00eater \u00e0 la Cervejaria Bras\u00e3o pour manger la typique francesinha ou \u00e0 la Casa Guedes pour go\u00fbter le d\u00e9licieux sandwich au jambon accompagn\u00e9 d&#8217;un &#8220;fino&#8221;, ce n&#8217;est pas visiter Porto. Le nord ne manque pas de tavernes pleines de saucisses et de snacks sal\u00e9s, de tripes \u00e0 la mode de Porto et de galettes de morue fra\u00eechement frites.<\/p>\n\n\n<div class=\"wp-block-image\">\n<figure class=\"aligncenter size-large\"><img loading=\"lazy\" width=\"1080\" height=\"630\" src=\"https:\/\/www.feelporto.com\/blog\/wp-content\/uploads\/2022\/07\/Blog_IGFB-14-min-1080x630.png\" alt=\"\" class=\"wp-image-2361\"\/><figcaption>La francesinha typique<\/figcaption><\/figure><\/div>\n\n\n<p>Les habitants de Porto sont connus pour aimer accueillir les visiteurs et cette g\u00e9n\u00e9rosit\u00e9 se retrouve dans la simplicit\u00e9 des gens. Il est certain que vous quitterez l&#8217;Invicta le ventre et le c\u0153ur pleins, avec l&#8217;envie de revenir ici.<\/p>\n\n\n\n<p>Ceux qui reviennent, ne serait-ce que dans les souvenirs, reviennent toujours.<\/p>\n\n\n\n<h2>Si vous \u00eates \u00e0 la recherche d&#8217;un logement, consultez les diff\u00e9rentes options disponibles dans le centre ville<\/h2>\n\n\n\n<div class=\"wp-container-1 is-content-justification-center wp-block-buttons\">\n<div class=\"wp-block-button\"><a class=\"wp-block-button__link has-background\" href=\"https:\/\/www.feelporto.com\/fr\/experiences\/\" style=\"background-color:#009bd2\" target=\"_blank\" rel=\"noreferrer noopener\">D\u00c9COUVREZ LES EXP\u00c9RIENCES FEEL PORTO<\/a><\/div>\n<\/div>\n","protected":false},"excerpt":{"rendered":"<p>Feel Porto propose une grande vari\u00e9t\u00e9 d&#8217;exp\u00e9riences et de services pour un voyage inoubliable entre amis \u00e0 Porto.<\/p>\n","protected":false},"author":2,"featured_media":2445,"comment_status":"open","ping_status":"open","sticky":false,"template":"","format":"standard","meta":[],"categories":[115,127,133],"tags":[225,231,410,411],"yoast_head":"<!-- This site is optimized with the Yoast SEO plugin v19.1 - https:\/\/yoast.com\/wordpress\/plugins\/seo\/ -->\n<title>Exp\u00e9riences et services pour un Voyage entre amis \u00e0 Porto<\/title>\n<meta name=\"description\" content=\"Feel Porto propose une grande vari\u00e9t\u00e9 d&#039;exp\u00e9riences et de services pour un voyage inoubliable entre amis \u00e0 Porto.\" \/>\n<meta name=\"robots\" content=\"index, follow, max-snippet:-1, max-image-preview:large, max-video-preview:-1\" \/>\n<link rel=\"canonical\" href=\"https:\/\/www.feelporto.com\/blog\/fr\/experiences\/experiences-et-services-pour-un-voyage-entre-amis-a-porto\/\" \/>\n<meta property=\"og:locale\" content=\"fr_FR\" \/>\n<meta property=\"og:type\" content=\"article\" \/>\n<meta property=\"og:title\" content=\"Exp\u00e9riences et services pour un Voyage entre amis \u00e0 Porto\" \/>\n<meta property=\"og:description\" content=\"Feel Porto propose une grande vari\u00e9t\u00e9 d&#039;exp\u00e9riences et de services pour un voyage inoubliable entre amis \u00e0 Porto.\" \/>\n<meta property=\"og:url\" content=\"https:\/\/www.feelporto.com\/blog\/fr\/experiences\/experiences-et-services-pour-un-voyage-entre-amis-a-porto\/\" \/>\n<meta property=\"og:site_name\" content=\"Where to Stay, What to Do and Eat @ Porto\" \/>\n<meta property=\"article:publisher\" content=\"https:\/\/www.facebook.com\/feelporto\" \/>\n<meta property=\"article:published_time\" content=\"2023-03-17T16:27:32+00:00\" \/>\n<meta property=\"article:modified_time\" content=\"2023-03-17T16:27:35+00:00\" \/>\n<meta property=\"og:image\" content=\"https:\/\/www.feelporto.com\/blog\/wp-content\/uploads\/2023\/03\/MicrosoftTeams-image-4-scaled.jpg\" \/>\n\t<meta property=\"og:image:width\" content=\"2560\" \/>\n\t<meta property=\"og:image:height\" content=\"1707\" \/>\n\t<meta property=\"og:image:type\" content=\"image\/jpeg\" \/>\n<meta name=\"twitter:card\" content=\"summary_large_image\" \/>\n<meta name=\"twitter:creator\" content=\"@FeelPorto\" \/>\n<meta name=\"twitter:site\" content=\"@FeelPorto\" \/>\n<meta name=\"twitter:label1\" content=\"\u00c9crit par\" \/>\n\t<meta name=\"twitter:data1\" content=\"feelporto\" \/>\n\t<meta name=\"twitter:label2\" content=\"Dur\u00e9e de lecture estim\u00e9e\" \/>\n\t<meta name=\"twitter:data2\" content=\"7 minutes\" \/>\n<script type=\"application\/ld+json\" class=\"yoast-schema-graph\">{\"@context\":\"https:\/\/schema.org\",\"@graph\":[{\"@type\":\"WebSite\",\"@id\":\"https:\/\/www.feelporto.com\/blog\/#website\",\"url\":\"https:\/\/www.feelporto.com\/blog\/\",\"name\":\"Where to Stay, What to Do and Eat @ Porto\",\"description\":\"FEEL PORTO \u00ae\",\"potentialAction\":[{\"@type\":\"SearchAction\",\"target\":{\"@type\":\"EntryPoint\",\"urlTemplate\":\"https:\/\/www.feelporto.com\/blog\/?s={search_term_string}\"},\"query-input\":\"required name=search_term_string\"}],\"inLanguage\":\"fr-FR\"},{\"@type\":\"ImageObject\",\"inLanguage\":\"fr-FR\",\"@id\":\"https:\/\/www.feelporto.com\/blog\/fr\/experiences\/experiences-et-services-pour-un-voyage-entre-amis-a-porto\/#primaryimage\",\"url\":\"https:\/\/www.feelporto.com\/blog\/wp-content\/uploads\/2023\/03\/MicrosoftTeams-image-4-scaled.jpg\",\"contentUrl\":\"https:\/\/www.feelporto.com\/blog\/wp-content\/uploads\/2023\/03\/MicrosoftTeams-image-4-scaled.jpg\",\"width\":2560,\"height\":1707},{\"@type\":\"WebPage\",\"@id\":\"https:\/\/www.feelporto.com\/blog\/fr\/experiences\/experiences-et-services-pour-un-voyage-entre-amis-a-porto\/#webpage\",\"url\":\"https:\/\/www.feelporto.com\/blog\/fr\/experiences\/experiences-et-services-pour-un-voyage-entre-amis-a-porto\/\",\"name\":\"Exp\u00e9riences et services pour un Voyage entre amis \u00e0 Porto\",\"isPartOf\":{\"@id\":\"https:\/\/www.feelporto.com\/blog\/#website\"},\"primaryImageOfPage\":{\"@id\":\"https:\/\/www.feelporto.com\/blog\/fr\/experiences\/experiences-et-services-pour-un-voyage-entre-amis-a-porto\/#primaryimage\"},\"datePublished\":\"2023-03-17T16:27:32+00:00\",\"dateModified\":\"2023-03-17T16:27:35+00:00\",\"author\":{\"@id\":\"https:\/\/www.feelporto.com\/blog\/#\/schema\/person\/3eaff76d2a7429b3c6af35a3b392629e\"},\"description\":\"Feel Porto propose une grande vari\u00e9t\u00e9 d'exp\u00e9riences et de services pour un voyage inoubliable entre amis \u00e0 Porto.\",\"breadcrumb\":{\"@id\":\"https:\/\/www.feelporto.com\/blog\/fr\/experiences\/experiences-et-services-pour-un-voyage-entre-amis-a-porto\/#breadcrumb\"},\"inLanguage\":\"fr-FR\",\"potentialAction\":[{\"@type\":\"ReadAction\",\"target\":[\"https:\/\/www.feelporto.com\/blog\/fr\/experiences\/experiences-et-services-pour-un-voyage-entre-amis-a-porto\/\"]}]},{\"@type\":\"BreadcrumbList\",\"@id\":\"https:\/\/www.feelporto.com\/blog\/fr\/experiences\/experiences-et-services-pour-un-voyage-entre-amis-a-porto\/#breadcrumb\",\"itemListElement\":[{\"@type\":\"ListItem\",\"position\":1,\"name\":\"Home\",\"item\":\"https:\/\/www.feelporto.com\/blog\/fr\/\"},{\"@type\":\"ListItem\",\"position\":2,\"name\":\"Exp\u00e9riences et services pour un Voyage entre amis \u00e0 Porto\"}]},{\"@type\":\"Person\",\"@id\":\"https:\/\/www.feelporto.com\/blog\/#\/schema\/person\/3eaff76d2a7429b3c6af35a3b392629e\",\"name\":\"feelporto\",\"image\":{\"@type\":\"ImageObject\",\"inLanguage\":\"fr-FR\",\"@id\":\"https:\/\/www.feelporto.com\/blog\/#\/schema\/person\/image\/\",\"url\":\"https:\/\/secure.gravatar.com\/avatar\/a062aafcc6c2947ee8990c2cf973be07?s=96&d=mm&r=g\",\"contentUrl\":\"https:\/\/secure.gravatar.com\/avatar\/a062aafcc6c2947ee8990c2cf973be07?s=96&d=mm&r=g\",\"caption\":\"feelporto\"},\"url\":\"https:\/\/www.feelporto.com\/blog\/fr\/author\/feelporto\/\"}]}<\/script>\n<!-- \/ Yoast SEO plugin. -->","yoast_head_json":{"title":"Exp\u00e9riences et services pour un Voyage entre amis \u00e0 Porto","description":"Feel Porto propose une grande vari\u00e9t\u00e9 d'exp\u00e9riences et de services pour un voyage inoubliable entre amis \u00e0 Porto.","robots":{"index":"index","follow":"follow","max-snippet":"max-snippet:-1","max-image-preview":"max-image-preview:large","max-video-preview":"max-video-preview:-1"},"canonical":"https:\/\/www.feelporto.com\/blog\/fr\/experiences\/experiences-et-services-pour-un-voyage-entre-amis-a-porto\/","og_locale":"fr_FR","og_type":"article","og_title":"Exp\u00e9riences et services pour un Voyage entre amis \u00e0 Porto","og_description":"Feel Porto propose une grande vari\u00e9t\u00e9 d'exp\u00e9riences et de services pour un voyage inoubliable entre amis \u00e0 Porto.","og_url":"https:\/\/www.feelporto.com\/blog\/fr\/experiences\/experiences-et-services-pour-un-voyage-entre-amis-a-porto\/","og_site_name":"Where to Stay, What to Do and Eat @ Porto","article_publisher":"https:\/\/www.facebook.com\/feelporto","article_published_time":"2023-03-17T16:27:32+00:00","article_modified_time":"2023-03-17T16:27:35+00:00","og_image":[{"width":2560,"height":1707,"url":"https:\/\/www.feelporto.com\/blog\/wp-content\/uploads\/2023\/03\/MicrosoftTeams-image-4-scaled.jpg","type":"image\/jpeg"}],"twitter_card":"summary_large_image","twitter_creator":"@FeelPorto","twitter_site":"@FeelPorto","twitter_misc":{"\u00c9crit par":"feelporto","Dur\u00e9e de lecture estim\u00e9e":"7 minutes"},"schema":{"@context":"https:\/\/schema.org","@graph":[{"@type":"WebSite","@id":"https:\/\/www.feelporto.com\/blog\/#website","url":"https:\/\/www.feelporto.com\/blog\/","name":"Where to Stay, What to Do and Eat @ Porto","description":"FEEL PORTO \u00ae","potentialAction":[{"@type":"SearchAction","target":{"@type":"EntryPoint","urlTemplate":"https:\/\/www.feelporto.com\/blog\/?s={search_term_string}"},"query-input":"required name=search_term_string"}],"inLanguage":"fr-FR"},{"@type":"ImageObject","inLanguage":"fr-FR","@id":"https:\/\/www.feelporto.com\/blog\/fr\/experiences\/experiences-et-services-pour-un-voyage-entre-amis-a-porto\/#primaryimage","url":"https:\/\/www.feelporto.com\/blog\/wp-content\/uploads\/2023\/03\/MicrosoftTeams-image-4-scaled.jpg","contentUrl":"https:\/\/www.feelporto.com\/blog\/wp-content\/uploads\/2023\/03\/MicrosoftTeams-image-4-scaled.jpg","width":2560,"height":1707},{"@type":"WebPage","@id":"https:\/\/www.feelporto.com\/blog\/fr\/experiences\/experiences-et-services-pour-un-voyage-entre-amis-a-porto\/#webpage","url":"https:\/\/www.feelporto.com\/blog\/fr\/experiences\/experiences-et-services-pour-un-voyage-entre-amis-a-porto\/","name":"Exp\u00e9riences et services pour un Voyage entre amis \u00e0 Porto","isPartOf":{"@id":"https:\/\/www.feelporto.com\/blog\/#website"},"primaryImageOfPage":{"@id":"https:\/\/www.feelporto.com\/blog\/fr\/experiences\/experiences-et-services-pour-un-voyage-entre-amis-a-porto\/#primaryimage"},"datePublished":"2023-03-17T16:27:32+00:00","dateModified":"2023-03-17T16:27:35+00:00","author":{"@id":"https:\/\/www.feelporto.com\/blog\/#\/schema\/person\/3eaff76d2a7429b3c6af35a3b392629e"},"description":"Feel Porto propose une grande vari\u00e9t\u00e9 d'exp\u00e9riences et de services pour un voyage inoubliable entre amis \u00e0 Porto.","breadcrumb":{"@id":"https:\/\/www.feelporto.com\/blog\/fr\/experiences\/experiences-et-services-pour-un-voyage-entre-amis-a-porto\/#breadcrumb"},"inLanguage":"fr-FR","potentialAction":[{"@type":"ReadAction","target":["https:\/\/www.feelporto.com\/blog\/fr\/experiences\/experiences-et-services-pour-un-voyage-entre-amis-a-porto\/"]}]},{"@type":"BreadcrumbList","@id":"https:\/\/www.feelporto.com\/blog\/fr\/experiences\/experiences-et-services-pour-un-voyage-entre-amis-a-porto\/#breadcrumb","itemListElement":[{"@type":"ListItem","position":1,"name":"Home","item":"https:\/\/www.feelporto.com\/blog\/fr\/"},{"@type":"ListItem","position":2,"name":"Exp\u00e9riences et services pour un Voyage entre amis \u00e0 Porto"}]},{"@type":"Person","@id":"https:\/\/www.feelporto.com\/blog\/#\/schema\/person\/3eaff76d2a7429b3c6af35a3b392629e","name":"feelporto","image":{"@type":"ImageObject","inLanguage":"fr-FR","@id":"https:\/\/www.feelporto.com\/blog\/#\/schema\/person\/image\/","url":"https:\/\/secure.gravatar.com\/avatar\/a062aafcc6c2947ee8990c2cf973be07?s=96&d=mm&r=g","contentUrl":"https:\/\/secure.gravatar.com\/avatar\/a062aafcc6c2947ee8990c2cf973be07?s=96&d=mm&r=g","caption":"feelporto"},"url":"https:\/\/www.feelporto.com\/blog\/fr\/author\/feelporto\/"}]}},"amp_enabled":true,"_links":{"self":[{"href":"https:\/\/www.feelporto.com\/blog\/fr\/wp-json\/wp\/v2\/posts\/2416"}],"collection":[{"href":"https:\/\/www.feelporto.com\/blog\/fr\/wp-json\/wp\/v2\/posts"}],"about":[{"href":"https:\/\/www.feelporto.com\/blog\/fr\/wp-json\/wp\/v2\/types\/post"}],"author":[{"embeddable":true,"href":"https:\/\/www.feelporto.com\/blog\/fr\/wp-json\/wp\/v2\/users\/2"}],"replies":[{"embeddable":true,"href":"https:\/\/www.feelporto.com\/blog\/fr\/wp-json\/wp\/v2\/comments?post=2416"}],"version-history":[{"count":1,"href":"https:\/\/www.feelporto.com\/blog\/fr\/wp-json\/wp\/v2\/posts\/2416\/revisions"}],"predecessor-version":[{"id":2455,"href":"https:\/\/www.feelporto.com\/blog\/fr\/wp-json\/wp\/v2\/posts\/2416\/revisions\/2455"}],"wp:featuredmedia":[{"embeddable":true,"href":"https:\/\/www.feelporto.com\/blog\/fr\/wp-json\/wp\/v2\/media\/2445"}],"wp:attachment":[{"href":"https:\/\/www.feelporto.com\/blog\/fr\/wp-json\/wp\/v2\/media?parent=2416"}],"wp:term":[{"taxonomy":"category","embeddable":true,"href":"https:\/\/www.feelporto.com\/blog\/fr\/wp-json\/wp\/v2\/categories?post=2416"},{"taxonomy":"post_tag","embeddable":true,"href":"https:\/\/www.feelporto.com\/blog\/fr\/wp-json\/wp\/v2\/tags?post=2416"}],"curies":[{"name":"wp","href":"https:\/\/api.w.org\/{rel}","templated":true}]}}